[{"@context":"https:\/\/schema.org\/","@type":"Article","@id":"https:\/\/www.leoria.cz\/utulny-obyvak\/#Article","mainEntityOfPage":"https:\/\/www.leoria.cz\/utulny-obyvak\/","headline":"\u00datuln\u00fd ob\u00fdv\u00e1k","name":"\u00datuln\u00fd ob\u00fdv\u00e1k","description":"Jak na \u00fatuln\u00fd ob\u00fdv\u00e1k? Tak to si \u0159\u00edk\u00e1m posledn\u00ed dobou po\u0159\u00e1d. M\u00e1m r\u00e1da minimalismus, ale \u0159\u00edk\u00e1m si, jestli ten velk\u00fd ob\u00fdv\u00e1k s\u00a0b\u00edl\u00fdmi zdmi nen\u00ed a\u017e moc hol\u00fd. V\u00a0ob\u00fdvac\u00edm pokoji m\u00e1me velkou seda\u010dku, konferen\u010dn\u00ed stolek na n\u011bm jen kapesn\u00ed\u010dky v\u00a0hezk\u00e9m d\u0159ev\u011bn\u00e9m boxu na kapesn\u00ed\u010dky, mal\u00fd zimn\u00ed sv\u00edcen, dole jen ko\u0161\u00ed\u010dek s\u00a0ovlada\u010di. Tak\u00e9 tam m\u00e1m dva taburety, [&hellip;]","datePublished":"2024-04-29","dateModified":"2024-04-29","author":{"@type":"Person","@id":"https:\/\/www.leoria.cz\/author\/#Person","name":"","url":"https:\/\/www.leoria.cz\/author\/","identifier":1,"image":{"@type":"ImageObject","@id":"https:\/\/secure.gravatar.com\/avatar\/390ba47df5874845ef3762ac16ecd0a67f4e30c13cbb7c7ee444ade303aa885b?s=96&d=mm&r=g","url":"https:\/\/secure.gravatar.com\/avatar\/390ba47df5874845ef3762ac16ecd0a67f4e30c13cbb7c7ee444ade303aa885b?s=96&d=mm&r=g","height":96,"width":96}},"publisher":{"@type":"Organization","name":"leoria.cz","logo":{"@type":"ImageObject","@id":"\/logo.png","url":"\/logo.png","width":600,"height":60}},"image":{"@type":"ImageObject","@id":"https:\/\/www.leoria.cz\/wp-content\/uploads\/living-room-1835923_640_10_10_6.jpg","url":"https:\/\/www.leoria.cz\/wp-content\/uploads\/living-room-1835923_640_10_10_6.jpg","height":0,"width":0},"url":"https:\/\/www.leoria.cz\/utulny-obyvak\/","about":["Byt"],"wordCount":462,"articleBody":"Jak na \u00fatuln\u00fd ob\u00fdv\u00e1k? Tak to si \u0159\u00edk\u00e1m posledn\u00ed dobou po\u0159\u00e1d. M\u00e1m r\u00e1da minimalismus, ale \u0159\u00edk\u00e1m si, jestli ten velk\u00fd ob\u00fdv\u00e1k s\u00a0b\u00edl\u00fdmi zdmi nen\u00ed a\u017e moc hol\u00fd. V\u00a0ob\u00fdvac\u00edm pokoji m\u00e1me velkou seda\u010dku, konferen\u010dn\u00ed stolek na n\u011bm jen kapesn\u00ed\u010dky v\u00a0hezk\u00e9m d\u0159ev\u011bn\u00e9m boxu na kapesn\u00ed\u010dky, mal\u00fd zimn\u00ed sv\u00edcen, dole jen ko\u0161\u00ed\u010dek s\u00a0ovlada\u010di. Tak\u00e9 tam m\u00e1m dva taburety, jeden s\u00a0\u00falo\u017en\u00fdm prostorem. Velkou \u010dernou stojatou lampu a miniknihovnu. D\u00e1le komodu jen tak do \u00farovn\u011b pasu a na zdi televizi. Hodiny, malou ozdobnou and\u011blku a velk\u00e9 fotopl\u00e1tno plus fotor\u00e1me\u010dek digit\u00e1ln\u00ed. Ale furt si \u0159\u00edk\u00e1m, jestli by to ne\u0161lo ud\u011blat trochu v\u00edce \u00fatuln\u00e9. N\u00e1pad\u016f bych m\u011bla hned n\u011bkolik, ale sama ob\u010das \u0161patn\u011b sn\u00e1\u0161\u00edm zm\u011bny, tak uvid\u00edme. Ale p\u0159em\u00fd\u0161l\u00edm nad t\u00edm docela \u010dasto. A co vy? Jak m\u00e1te vybaven\u00fd ob\u00fdv\u00e1k? Kdy\u017e porovn\u00e1m ostatn\u00ed lidi ve sv\u00e9m okol\u00ed, tak vid\u00edm, \u017ee maj\u00ed docela dost v\u011bc\u00ed a n\u011bkdy to p\u016fsob\u00ed p\u0159epl\u00e1can\u011b. Pokud bych se u\u017e rozhodla m\u00edt takto vybaven\u00fd ob\u00fdv\u00e1k, tak bych to asi sm\u011b\u0159ovala do n\u011bjak\u00e9 kategorie, nebo na n\u011bjak\u00e9 t\u00e9ma, jestli je to pochopiteln\u00e9. T\u0159eba moje babi\u010dka m\u00e1 ob\u00fdvac\u00ed pokoj do tyrkysov\u00e9 barvy \u2013 malba je tyrkysov\u00e1, n\u011bkde b\u00edl\u00e1, n\u00e1bytek d\u0159ev\u011bn\u00fd a st\u011bnu na zdi tak\u00e9 plus je\u0161t\u011b m\u00e1 v\u0161ude dekorace do t\u00e9matu mo\u0159e a oce\u00e1n. Je to proto, \u017ee hodn\u011b cestovala a p\u0159ivezla si spoustu v\u011bc\u00ed od mo\u0159e \u2013 mu\u0161le, \u0161keble, mo\u0159sk\u00e9 je\u017eky a jin\u00e9 mo\u0159sk\u00e9 poklady, kter\u00e9 se nab\u00edz\u00ed.Podle m\u011b je to ale na ka\u017ed\u00e9m, jak se c\u00edt\u00ed v\u00a0t\u00e9 m\u00edstnosti, nebo v\u00a0tom byt\u011b. J\u00e1 se c\u00edt\u00edm nejl\u00e9pe, kdy\u017e okolo sebe nem\u00e1m zase tolik v\u011bc\u00ed, ale z\u00e1rove\u0148 m\u00e1m n\u011bjak\u00e9 mal\u00e9 dekorace a tak\u00e9, kdy\u017e m\u00e1m hezky uklizeno, to je pro m\u011b opravdu d\u016fle\u017eit\u00e9. Kdy\u017e je uklizeno, l\u00e9pe se mi v\u00a0t\u00e9 dom\u00e1cnosti d\u011bl\u00e1 a odpo\u010d\u00edv\u00e1. \u00daklid je pro m\u011b d\u016fle\u017eit\u00fd tak\u00e9 proto, \u017ee m\u00e1m dva kocoury a z\u00a0nich je tak\u00e9 n\u011bjak\u00fd ten nepo\u0159\u00e1dek. Av\u0161ak toto ukl\u00edzen\u00ed ud\u011bl\u00e1 z\u00a0domova taky hezkou atmosf\u00e9ru. J\u00e1 si toti\u017e nedok\u00e1\u017eu p\u0159edstavit, kdyby mi n\u011bkdo uk\u00e1zal ob\u00fdv\u00e1k a \u0159ekl, \u017ee je \u00fatuln\u00fd, ale nebyl by uklizen\u00fd. Co si o tom mysl\u00edte?                                                                                                                                                                                                                                                                                                                                                                                                "},{"@context":"https:\/\/schema.org\/","@type":"BreadcrumbList","itemListElement":[{"@type":"ListItem","position":1,"name":"\u00datuln\u00fd ob\u00fdv\u00e1k","item":"https:\/\/www.leoria.cz\/utulny-obyvak\/#breadcrumbitem"}]}]